{"id":10,"date":"2024-03-26T19:08:05","date_gmt":"2024-03-26T22:08:05","guid":{"rendered":"https:\/\/egregoradamusicaeletronica.com\/index.php\/2024\/03\/26\/a-egregora-da-musica-eletronica-a-uniao-atraves-da-celebracao-coletiva\/"},"modified":"2024-03-26T19:08:05","modified_gmt":"2024-03-26T22:08:05","slug":"a-egregora-da-musica-eletronica-a-uniao-atraves-da-celebracao-coletiva","status":"publish","type":"post","link":"https:\/\/egregoradamusicaeletronica.com\/index.php\/2024\/03\/26\/a-egregora-da-musica-eletronica-a-uniao-atraves-da-celebracao-coletiva\/","title":{"rendered":"A Egr\u00e9gora da M\u00fasica Eletr\u00f4nica: A Uni\u00e3o Atrav\u00e9s da Celebra\u00e7\u00e3o Coletiva"},"content":{"rendered":"<h2>A Egr\u00e9gora da M\u00fasica Eletr\u00f4nica<\/h2>\n<p>A egr\u00e9gora da m\u00fasica eletr\u00f4nica \u00e9 um conceito espiritual que se refere ao campo de energia coletiva e vibrante criado pela intera\u00e7\u00e3o entre os amantes, artistas, profissionais e entusiastas da m\u00fasica eletr\u00f4nica. \u00c9 uma energia coletiva que se forma a partir da conex\u00e3o e da paix\u00e3o compartilhada por esse g\u00eanero musical espec\u00edfico.<\/p>\n<h2>A Uni\u00e3o Atrav\u00e9s da M\u00fasica Eletr\u00f4nica<\/h2>\n<p>A m\u00fasica eletr\u00f4nica tem a capacidade \u00fanica de unir pessoas, transcendendo barreiras culturais, sociais e geogr\u00e1ficas. Ela cria uma atmosfera onde as pessoas se conectam em um n\u00edvel mais profundo, compartilhando emo\u00e7\u00f5es, experi\u00eancias e vibra\u00e7\u00f5es positivas. A egr\u00e9gora da m\u00fasica eletr\u00f4nica \u00e9 alimentada pelos sentimentos de alegria, \u00eaxtase, liberdade e conex\u00e3o que s\u00e3o experimentados durante festivais, shows e eventos relacionados ao g\u00eanero.<\/p>\n<h2>A Magia dos Festivais de M\u00fasica Eletr\u00f4nica<\/h2>\n<p>Os festivais de m\u00fasica eletr\u00f4nica s\u00e3o verdadeiros templos dessa egr\u00e9gora. Milhares de pessoas se re\u00fanem em um mesmo espa\u00e7o para celebrar a m\u00fasica, dan\u00e7ar e se conectar com a energia coletiva. A m\u00fasica eletr\u00f4nica, com suas batidas pulsantes, melodias envolventes e sons hipnotizantes, cria uma atmosfera m\u00e1gica onde todos se sentem parte de algo maior.<\/p>\n<p>Durante os festivais, as pessoas se entregam completamente \u00e0 m\u00fasica, deixando de lado suas preocupa\u00e7\u00f5es e se permitindo serem levadas pela energia do momento. \u00c9 como se todos estivessem em sintonia, compartilhando uma experi\u00eancia \u00fanica e transcendental. A egr\u00e9gora da m\u00fasica eletr\u00f4nica se fortalece ainda mais nesses momentos, criando uma sensa\u00e7\u00e3o de comunidade e pertencimento.<\/p>\n<p>Al\u00e9m disso, os festivais de m\u00fasica eletr\u00f4nica tamb\u00e9m s\u00e3o conhecidos por sua atmosfera inclusiva e acolhedora. N\u00e3o importa sua origem, idade, g\u00eanero ou orienta\u00e7\u00e3o sexual, todos s\u00e3o bem-vindos nesse universo. A m\u00fasica eletr\u00f4nica une as pessoas atrav\u00e9s da paix\u00e3o pela m\u00fasica, criando uma conex\u00e3o que vai al\u00e9m das diferen\u00e7as individuais.<\/p>\n<p>\u00c9 importante ressaltar que a egr\u00e9gora da m\u00fasica eletr\u00f4nica n\u00e3o se limita apenas aos festivais. Ela est\u00e1 presente em todos os momentos em que a m\u00fasica \u00e9 compartilhada, seja em pequenas festas, clubes ou at\u00e9 mesmo na intimidade do lar. A energia coletiva da m\u00fasica eletr\u00f4nica se manifesta onde quer que haja pessoas se conectando atrav\u00e9s desse g\u00eanero musical.<\/p>\n<p>Em resumo, a egr\u00e9gora da m\u00fasica eletr\u00f4nica \u00e9 uma for\u00e7a poderosa que une as pessoas em uma experi\u00eancia coletiva e vibrante. \u00c9 um campo de energia alimentado pela paix\u00e3o, conex\u00e3o e emo\u00e7\u00f5es positivas que s\u00e3o compartilhadas durante os momentos de celebra\u00e7\u00e3o da m\u00fasica eletr\u00f4nica. Seja em um festival ou em um ambiente mais intimista, a m\u00fasica eletr\u00f4nica tem o poder de nos transportar para um estado de uni\u00e3o e transcend\u00eancia.<\/p>\n","protected":false},"excerpt":{"rendered":"<p>A Egr\u00e9gora da M\u00fasica Eletr\u00f4nica A egr\u00e9gora da m\u00fasica eletr\u00f4nica \u00e9 um conceito espiritual que se refere ao campo de energia coletiva e vibrante criado pela intera\u00e7\u00e3o entre os amantes, artistas, profissionais e entusiastas da m\u00fasica eletr\u00f4nica. \u00c9 uma energia coletiva que se forma a partir da conex\u00e3o e da paix\u00e3o compartilhada por esse g\u00eanero [&hellip;]<\/p>\n","protected":false},"author":1,"featured_media":0,"comment_status":"open","ping_status":"open","sticky":false,"template":"","format":"standard","meta":{"_monsterinsights_skip_tracking":false,"_monsterinsights_sitenote_active":false,"_monsterinsights_sitenote_note":"","_monsterinsights_sitenote_category":0,"footnotes":""},"categories":[1],"tags":[],"class_list":["post-10","post","type-post","status-publish","format-standard","hentry","category-blog"],"aioseo_notices":[],"_links":{"self":[{"href":"https:\/\/egregoradamusicaeletronica.com\/index.php\/wp-json\/wp\/v2\/posts\/10"}],"collection":[{"href":"https:\/\/egregoradamusicaeletronica.com\/index.php\/wp-json\/wp\/v2\/posts"}],"about":[{"href":"https:\/\/egregoradamusicaeletronica.com\/index.php\/wp-json\/wp\/v2\/types\/post"}],"author":[{"embeddable":true,"href":"https:\/\/egregoradamusicaeletronica.com\/index.php\/wp-json\/wp\/v2\/users\/1"}],"replies":[{"embeddable":true,"href":"https:\/\/egregoradamusicaeletronica.com\/index.php\/wp-json\/wp\/v2\/comments?post=10"}],"version-history":[{"count":0,"href":"https:\/\/egregoradamusicaeletronica.com\/index.php\/wp-json\/wp\/v2\/posts\/10\/revisions"}],"wp:attachment":[{"href":"https:\/\/egregoradamusicaeletronica.com\/index.php\/wp-json\/wp\/v2\/media?parent=10"}],"wp:term":[{"taxonomy":"category","embeddable":true,"href":"https:\/\/egregoradamusicaeletronica.com\/index.php\/wp-json\/wp\/v2\/categories?post=10"},{"taxonomy":"post_tag","embeddable":true,"href":"https:\/\/egregoradamusicaeletronica.com\/index.php\/wp-json\/wp\/v2\/tags?post=10"}],"curies":[{"name":"wp","href":"https:\/\/api.w.org\/{rel}","templated":true}]}}