{"id":5,"date":"2024-03-26T19:05:19","date_gmt":"2024-03-26T22:05:19","guid":{"rendered":"http:\/\/egregoradamusicaeletronica.com\/index.php\/2024\/03\/26\/a-egregora-da-musica-eletronica-uma-conexao-coletiva-e-espiritual\/"},"modified":"2024-03-26T19:05:19","modified_gmt":"2024-03-26T22:05:19","slug":"a-egregora-da-musica-eletronica-uma-conexao-coletiva-e-espiritual","status":"publish","type":"post","link":"https:\/\/egregoradamusicaeletronica.com\/index.php\/2024\/03\/26\/a-egregora-da-musica-eletronica-uma-conexao-coletiva-e-espiritual\/","title":{"rendered":"A Egr\u00e9gora da M\u00fasica Eletr\u00f4nica: Uma Conex\u00e3o Coletiva e Espiritual"},"content":{"rendered":"<h2>A Egr\u00e9gora da M\u00fasica Eletr\u00f4nica<\/h2>\n<p>A egr\u00e9gora da m\u00fasica eletr\u00f4nica \u00e9 um conceito espiritual que se refere ao campo de energia coletiva e vibrante criado pela intera\u00e7\u00e3o entre os amantes, artistas, profissionais e entusiastas da m\u00fasica eletr\u00f4nica. Essa energia coletiva se forma a partir da conex\u00e3o e da paix\u00e3o compartilhada por esse g\u00eanero musical espec\u00edfico.<\/p>\n<h2>A Uni\u00e3o Atrav\u00e9s da M\u00fasica Eletr\u00f4nica<\/h2>\n<p>A m\u00fasica eletr\u00f4nica possui a capacidade \u00fanica de unir pessoas, transcendendo barreiras culturais, sociais e geogr\u00e1ficas. Ela cria uma atmosfera onde as pessoas se conectam em um n\u00edvel mais profundo, compartilhando emo\u00e7\u00f5es, experi\u00eancias e vibra\u00e7\u00f5es positivas.<\/p>\n<p>Os festivais, shows e eventos relacionados \u00e0 m\u00fasica eletr\u00f4nica s\u00e3o verdadeiros catalisadores para a forma\u00e7\u00e3o dessa egr\u00e9gora. Durante essas ocasi\u00f5es, os participantes s\u00e3o imersos em uma atmosfera de alegria, \u00eaxtase, liberdade e conex\u00e3o. A m\u00fasica eletr\u00f4nica \u00e9 capaz de criar uma experi\u00eancia sensorial \u00fanica, onde as batidas e melodias envolvem os corpos e as mentes, proporcionando uma sensa\u00e7\u00e3o de unidade e pertencimento.<\/p>\n<h2>A Energia Coletiva<\/h2>\n<p>A egr\u00e9gora da m\u00fasica eletr\u00f4nica \u00e9 alimentada pela energia coletiva gerada por todos os envolvidos nesse universo. Os amantes da m\u00fasica eletr\u00f4nica, os artistas que a produzem, os profissionais que trabalham nos bastidores e os entusiastas que frequentam os eventos contribuem para a cria\u00e7\u00e3o desse campo energ\u00e9tico.<\/p>\n<p>Essa energia coletiva \u00e9 potencializada pela paix\u00e3o compartilhada por esse g\u00eanero musical. A m\u00fasica eletr\u00f4nica transcende as palavras e se torna uma linguagem universal que todos entendem. Ela \u00e9 capaz de despertar emo\u00e7\u00f5es, estimular os sentidos e criar uma sensa\u00e7\u00e3o de conex\u00e3o com algo maior do que n\u00f3s mesmos.<\/p>\n<p>A egr\u00e9gora da m\u00fasica eletr\u00f4nica tamb\u00e9m \u00e9 alimentada pela busca por experi\u00eancias transcendentais e pela vontade de se conectar com algo al\u00e9m do cotidiano. Atrav\u00e9s da m\u00fasica eletr\u00f4nica, as pessoas encontram uma forma de express\u00e3o, de escape e de transforma\u00e7\u00e3o. Elas se conectam com a sua ess\u00eancia mais profunda e com a energia do coletivo, formando uma comunidade unida por uma mesma paix\u00e3o.<\/p>\n<p>Em resumo, a egr\u00e9gora da m\u00fasica eletr\u00f4nica \u00e9 um fen\u00f4meno espiritual que se manifesta atrav\u00e9s da intera\u00e7\u00e3o entre os amantes, artistas, profissionais e entusiastas desse g\u00eanero musical. Ela \u00e9 alimentada pela paix\u00e3o compartilhada, pela busca por experi\u00eancias transcendentais e pela conex\u00e3o com algo maior do que n\u00f3s mesmos. A m\u00fasica eletr\u00f4nica cria uma atmosfera de uni\u00e3o, alegria, liberdade e conex\u00e3o, onde as pessoas se conectam em um n\u00edvel mais profundo e compartilham emo\u00e7\u00f5es, experi\u00eancias e vibra\u00e7\u00f5es positivas.<\/p>\n","protected":false},"excerpt":{"rendered":"<p>A Egr\u00e9gora da M\u00fasica Eletr\u00f4nica A egr\u00e9gora da m\u00fasica eletr\u00f4nica \u00e9 um conceito espiritual que se refere ao campo de energia coletiva e vibrante criado pela intera\u00e7\u00e3o entre os amantes, artistas, profissionais e entusiastas da m\u00fasica eletr\u00f4nica. Essa energia coletiva se forma a partir da conex\u00e3o e da paix\u00e3o compartilhada por esse g\u00eanero musical espec\u00edfico. [&hellip;]<\/p>\n","protected":false},"author":1,"featured_media":0,"comment_status":"open","ping_status":"open","sticky":false,"template":"","format":"standard","meta":{"_monsterinsights_skip_tracking":false,"_monsterinsights_sitenote_active":false,"_monsterinsights_sitenote_note":"","_monsterinsights_sitenote_category":0,"footnotes":""},"categories":[1],"tags":[],"class_list":["post-5","post","type-post","status-publish","format-standard","hentry","category-blog"],"aioseo_notices":[],"_links":{"self":[{"href":"https:\/\/egregoradamusicaeletronica.com\/index.php\/wp-json\/wp\/v2\/posts\/5"}],"collection":[{"href":"https:\/\/egregoradamusicaeletronica.com\/index.php\/wp-json\/wp\/v2\/posts"}],"about":[{"href":"https:\/\/egregoradamusicaeletronica.com\/index.php\/wp-json\/wp\/v2\/types\/post"}],"author":[{"embeddable":true,"href":"https:\/\/egregoradamusicaeletronica.com\/index.php\/wp-json\/wp\/v2\/users\/1"}],"replies":[{"embeddable":true,"href":"https:\/\/egregoradamusicaeletronica.com\/index.php\/wp-json\/wp\/v2\/comments?post=5"}],"version-history":[{"count":0,"href":"https:\/\/egregoradamusicaeletronica.com\/index.php\/wp-json\/wp\/v2\/posts\/5\/revisions"}],"wp:attachment":[{"href":"https:\/\/egregoradamusicaeletronica.com\/index.php\/wp-json\/wp\/v2\/media?parent=5"}],"wp:term":[{"taxonomy":"category","embeddable":true,"href":"https:\/\/egregoradamusicaeletronica.com\/index.php\/wp-json\/wp\/v2\/categories?post=5"},{"taxonomy":"post_tag","embeddable":true,"href":"https:\/\/egregoradamusicaeletronica.com\/index.php\/wp-json\/wp\/v2\/tags?post=5"}],"curies":[{"name":"wp","href":"https:\/\/api.w.org\/{rel}","templated":true}]}}