{"id":6,"date":"2024-03-26T19:05:23","date_gmt":"2024-03-26T22:05:23","guid":{"rendered":"http:\/\/egregoradamusicaeletronica.com\/index.php\/2024\/03\/26\/a-egregora-da-musica-eletronica-a-uniao-liberdade-e-conexao\/"},"modified":"2024-03-26T19:05:23","modified_gmt":"2024-03-26T22:05:23","slug":"a-egregora-da-musica-eletronica-a-uniao-liberdade-e-conexao","status":"publish","type":"post","link":"https:\/\/egregoradamusicaeletronica.com\/index.php\/2024\/03\/26\/a-egregora-da-musica-eletronica-a-uniao-liberdade-e-conexao\/","title":{"rendered":"A Egr\u00e9gora da M\u00fasica Eletr\u00f4nica: A Uni\u00e3o, Liberdade e Conex\u00e3o"},"content":{"rendered":"<h2>A Egr\u00e9gora da M\u00fasica Eletr\u00f4nica<\/h2>\n<p>A egr\u00e9gora da m\u00fasica eletr\u00f4nica \u00e9 um conceito espiritual que se refere ao campo de energia coletiva e vibrante criado pela intera\u00e7\u00e3o entre os amantes, artistas, profissionais e entusiastas da m\u00fasica eletr\u00f4nica. Essa energia coletiva se forma a partir da conex\u00e3o e da paix\u00e3o compartilhada por esse g\u00eanero musical espec\u00edfico.<\/p>\n<h2>A Uni\u00e3o Atrav\u00e9s da M\u00fasica Eletr\u00f4nica<\/h2>\n<p>A m\u00fasica eletr\u00f4nica tem a capacidade \u00fanica de unir pessoas, transcendendo barreiras culturais, sociais e geogr\u00e1ficas. Ela cria uma atmosfera onde as pessoas se conectam em um n\u00edvel mais profundo, compartilhando emo\u00e7\u00f5es, experi\u00eancias e vibra\u00e7\u00f5es positivas.<\/p>\n<p>A egr\u00e9gora da m\u00fasica eletr\u00f4nica \u00e9 alimentada pelos sentimentos de alegria, \u00eaxtase, liberdade e conex\u00e3o que s\u00e3o experimentados durante festivais, shows e eventos relacionados ao g\u00eanero. \u00c9 nesses momentos que a m\u00fasica eletr\u00f4nica se torna mais do que apenas uma sequ\u00eancia de batidas e melodias, ela se transforma em uma experi\u00eancia coletiva.<\/p>\n<h2>A Experi\u00eancia Coletiva<\/h2>\n<p>Quando as pessoas se re\u00fanem para compartilhar sua paix\u00e3o pela m\u00fasica eletr\u00f4nica, uma sinergia \u00fanica \u00e9 criada. A egr\u00e9gora se forma a partir da energia coletiva gerada por todos os presentes, criando um ambiente de conex\u00e3o e uni\u00e3o. Nesse espa\u00e7o, as diferen\u00e7as s\u00e3o deixadas de lado, e todos se tornam parte de algo maior.<\/p>\n<p>A m\u00fasica eletr\u00f4nica proporciona uma experi\u00eancia sensorial intensa, com seus ritmos pulsantes, melodias envolventes e batidas hipn\u00f3ticas. Essa combina\u00e7\u00e3o de elementos sonoros estimula os sentidos e leva as pessoas a um estado de \u00eaxtase e transcend\u00eancia. \u00c9 nesse estado que a egr\u00e9gora se fortalece, amplificando as emo\u00e7\u00f5es e as vibra\u00e7\u00f5es positivas.<\/p>\n<p>Al\u00e9m disso, a m\u00fasica eletr\u00f4nica tamb\u00e9m promove a liberdade de express\u00e3o. Nas pistas de dan\u00e7a, as pessoas s\u00e3o encorajadas a se moverem livremente, sem julgamentos ou restri\u00e7\u00f5es. Essa liberdade de express\u00e3o contribui para a forma\u00e7\u00e3o da egr\u00e9gora, pois permite que cada indiv\u00edduo se conecte consigo mesmo e com os outros de forma aut\u00eantica.<\/p>\n<p>Por fim, a egr\u00e9gora da m\u00fasica eletr\u00f4nica n\u00e3o se limita apenas aos momentos de festivais e shows. Ela se estende para al\u00e9m desses eventos, permeando a vida cotidiana dos amantes desse g\u00eanero musical. Atrav\u00e9s de comunidades online, grupos de discuss\u00e3o e plataformas de streaming, as pessoas podem se conectar e compartilhar sua paix\u00e3o pela m\u00fasica eletr\u00f4nica, fortalecendo ainda mais a egr\u00e9gora.<\/p>\n<p>Em suma, a egr\u00e9gora da m\u00fasica eletr\u00f4nica \u00e9 um fen\u00f4meno espiritual que surge da conex\u00e3o e da paix\u00e3o compartilhada pelos amantes desse g\u00eanero musical. Ela transcende barreiras e cria uma atmosfera de uni\u00e3o, liberdade e conex\u00e3o. \u00c9 uma energia coletiva que se fortalece atrav\u00e9s das experi\u00eancias compartilhadas durante festivais, shows e momentos de imers\u00e3o na m\u00fasica eletr\u00f4nica.<\/p>\n","protected":false},"excerpt":{"rendered":"<p>A Egr\u00e9gora da M\u00fasica Eletr\u00f4nica A egr\u00e9gora da m\u00fasica eletr\u00f4nica \u00e9 um conceito espiritual que se refere ao campo de energia coletiva e vibrante criado pela intera\u00e7\u00e3o entre os amantes, artistas, profissionais e entusiastas da m\u00fasica eletr\u00f4nica. Essa energia coletiva se forma a partir da conex\u00e3o e da paix\u00e3o compartilhada por esse g\u00eanero musical espec\u00edfico. [&hellip;]<\/p>\n","protected":false},"author":1,"featured_media":0,"comment_status":"open","ping_status":"open","sticky":false,"template":"","format":"standard","meta":{"_monsterinsights_skip_tracking":false,"_monsterinsights_sitenote_active":false,"_monsterinsights_sitenote_note":"","_monsterinsights_sitenote_category":0,"footnotes":""},"categories":[1],"tags":[],"class_list":["post-6","post","type-post","status-publish","format-standard","hentry","category-blog"],"aioseo_notices":[],"_links":{"self":[{"href":"https:\/\/egregoradamusicaeletronica.com\/index.php\/wp-json\/wp\/v2\/posts\/6"}],"collection":[{"href":"https:\/\/egregoradamusicaeletronica.com\/index.php\/wp-json\/wp\/v2\/posts"}],"about":[{"href":"https:\/\/egregoradamusicaeletronica.com\/index.php\/wp-json\/wp\/v2\/types\/post"}],"author":[{"embeddable":true,"href":"https:\/\/egregoradamusicaeletronica.com\/index.php\/wp-json\/wp\/v2\/users\/1"}],"replies":[{"embeddable":true,"href":"https:\/\/egregoradamusicaeletronica.com\/index.php\/wp-json\/wp\/v2\/comments?post=6"}],"version-history":[{"count":0,"href":"https:\/\/egregoradamusicaeletronica.com\/index.php\/wp-json\/wp\/v2\/posts\/6\/revisions"}],"wp:attachment":[{"href":"https:\/\/egregoradamusicaeletronica.com\/index.php\/wp-json\/wp\/v2\/media?parent=6"}],"wp:term":[{"taxonomy":"category","embeddable":true,"href":"https:\/\/egregoradamusicaeletronica.com\/index.php\/wp-json\/wp\/v2\/categories?post=6"},{"taxonomy":"post_tag","embeddable":true,"href":"https:\/\/egregoradamusicaeletronica.com\/index.php\/wp-json\/wp\/v2\/tags?post=6"}],"curies":[{"name":"wp","href":"https:\/\/api.w.org\/{rel}","templated":true}]}}