{"id":7,"date":"2024-03-26T19:05:26","date_gmt":"2024-03-26T22:05:26","guid":{"rendered":"http:\/\/egregoradamusicaeletronica.com\/index.php\/2024\/03\/26\/a-egregora-da-musica-eletronica-a-uniao-atraves-da-energia-coletiva\/"},"modified":"2024-03-26T19:05:26","modified_gmt":"2024-03-26T22:05:26","slug":"a-egregora-da-musica-eletronica-a-uniao-atraves-da-energia-coletiva","status":"publish","type":"post","link":"https:\/\/egregoradamusicaeletronica.com\/index.php\/2024\/03\/26\/a-egregora-da-musica-eletronica-a-uniao-atraves-da-energia-coletiva\/","title":{"rendered":"A Egr\u00e9gora da M\u00fasica Eletr\u00f4nica: A Uni\u00e3o Atrav\u00e9s da Energia Coletiva"},"content":{"rendered":"<h2>A Egr\u00e9gora da M\u00fasica Eletr\u00f4nica<\/h2>\n<p>A egr\u00e9gora da m\u00fasica eletr\u00f4nica \u00e9 um conceito espiritual que se refere ao campo de energia coletiva e vibrante criado pela intera\u00e7\u00e3o entre os amantes, artistas, profissionais e entusiastas da m\u00fasica eletr\u00f4nica. Essa energia coletiva se forma a partir da conex\u00e3o e da paix\u00e3o compartilhada por esse g\u00eanero musical espec\u00edfico.<\/p>\n<h2>A Uni\u00e3o Atrav\u00e9s da M\u00fasica Eletr\u00f4nica<\/h2>\n<p>A m\u00fasica eletr\u00f4nica tem a capacidade \u00fanica de unir pessoas, transcendendo barreiras culturais, sociais e geogr\u00e1ficas. Ela cria uma atmosfera onde as pessoas se conectam em um n\u00edvel mais profundo, compartilhando emo\u00e7\u00f5es, experi\u00eancias e vibra\u00e7\u00f5es positivas. Durante festivais, shows e eventos relacionados ao g\u00eanero, a egr\u00e9gora da m\u00fasica eletr\u00f4nica \u00e9 alimentada pelos sentimentos de alegria, \u00eaxtase, liberdade e conex\u00e3o que s\u00e3o experimentados.<\/p>\n<h2>A Energia Coletiva da M\u00fasica Eletr\u00f4nica<\/h2>\n<p>A egr\u00e9gora da m\u00fasica eletr\u00f4nica \u00e9 uma manifesta\u00e7\u00e3o da energia coletiva gerada pela intera\u00e7\u00e3o entre os participantes. Essa energia \u00e9 alimentada pelas batidas pulsantes, pelos ritmos envolventes e pelas melodias cativantes que caracterizam a m\u00fasica eletr\u00f4nica. \u00c9 como se cada indiv\u00edduo presente em um evento desse g\u00eanero se tornasse parte de um todo maior, contribuindo para a cria\u00e7\u00e3o de uma atmosfera \u00fanica e intensa.<\/p>\n<p>Essa energia coletiva n\u00e3o se limita apenas ao momento do evento. Ela se estende al\u00e9m das pistas de dan\u00e7a e dos palcos, influenciando a vida cotidiana das pessoas que fazem parte dessa comunidade. A egr\u00e9gora da m\u00fasica eletr\u00f4nica pode ser sentida nas amizades que se formam, nas conex\u00f5es que se estabelecem e nas experi\u00eancias compartilhadas.<\/p>\n<p>Al\u00e9m disso, a m\u00fasica eletr\u00f4nica tamb\u00e9m possui um aspecto espiritual, capaz de elevar a consci\u00eancia e proporcionar momentos de introspec\u00e7\u00e3o e transcend\u00eancia. Muitos indiv\u00edduos encontram na m\u00fasica eletr\u00f4nica uma forma de se conectar com algo maior, de se perder no ritmo e na melodia, e de encontrar uma sensa\u00e7\u00e3o de paz e plenitude.<\/p>\n<p>Em resumo, a egr\u00e9gora da m\u00fasica eletr\u00f4nica \u00e9 uma express\u00e3o da energia coletiva e vibrante que surge da conex\u00e3o e da paix\u00e3o compartilhada pelos amantes desse g\u00eanero musical. Ela une pessoas, transcende barreiras e cria uma atmosfera de alegria, \u00eaxtase e conex\u00e3o. \u00c9 uma experi\u00eancia \u00fanica e transformadora que vai al\u00e9m da m\u00fasica em si, influenciando a vida de todos aqueles que fazem parte dessa comunidade.<\/p>\n","protected":false},"excerpt":{"rendered":"<p>A Egr\u00e9gora da M\u00fasica Eletr\u00f4nica A egr\u00e9gora da m\u00fasica eletr\u00f4nica \u00e9 um conceito espiritual que se refere ao campo de energia coletiva e vibrante criado pela intera\u00e7\u00e3o entre os amantes, artistas, profissionais e entusiastas da m\u00fasica eletr\u00f4nica. Essa energia coletiva se forma a partir da conex\u00e3o e da paix\u00e3o compartilhada por esse g\u00eanero musical espec\u00edfico. [&hellip;]<\/p>\n","protected":false},"author":1,"featured_media":0,"comment_status":"open","ping_status":"open","sticky":false,"template":"","format":"standard","meta":{"_monsterinsights_skip_tracking":false,"_monsterinsights_sitenote_active":false,"_monsterinsights_sitenote_note":"","_monsterinsights_sitenote_category":0,"footnotes":""},"categories":[1],"tags":[],"class_list":["post-7","post","type-post","status-publish","format-standard","hentry","category-blog"],"aioseo_notices":[],"_links":{"self":[{"href":"https:\/\/egregoradamusicaeletronica.com\/index.php\/wp-json\/wp\/v2\/posts\/7"}],"collection":[{"href":"https:\/\/egregoradamusicaeletronica.com\/index.php\/wp-json\/wp\/v2\/posts"}],"about":[{"href":"https:\/\/egregoradamusicaeletronica.com\/index.php\/wp-json\/wp\/v2\/types\/post"}],"author":[{"embeddable":true,"href":"https:\/\/egregoradamusicaeletronica.com\/index.php\/wp-json\/wp\/v2\/users\/1"}],"replies":[{"embeddable":true,"href":"https:\/\/egregoradamusicaeletronica.com\/index.php\/wp-json\/wp\/v2\/comments?post=7"}],"version-history":[{"count":0,"href":"https:\/\/egregoradamusicaeletronica.com\/index.php\/wp-json\/wp\/v2\/posts\/7\/revisions"}],"wp:attachment":[{"href":"https:\/\/egregoradamusicaeletronica.com\/index.php\/wp-json\/wp\/v2\/media?parent=7"}],"wp:term":[{"taxonomy":"category","embeddable":true,"href":"https:\/\/egregoradamusicaeletronica.com\/index.php\/wp-json\/wp\/v2\/categories?post=7"},{"taxonomy":"post_tag","embeddable":true,"href":"https:\/\/egregoradamusicaeletronica.com\/index.php\/wp-json\/wp\/v2\/tags?post=7"}],"curies":[{"name":"wp","href":"https:\/\/api.w.org\/{rel}","templated":true}]}}