{"id":8,"date":"2024-03-26T19:05:29","date_gmt":"2024-03-26T22:05:29","guid":{"rendered":"http:\/\/egregoradamusicaeletronica.com\/index.php\/2024\/03\/26\/a-egregora-da-musica-eletronica-a-uniao-e-transformacao-atraves-da-conexao-coletiva\/"},"modified":"2024-03-26T19:05:29","modified_gmt":"2024-03-26T22:05:29","slug":"a-egregora-da-musica-eletronica-a-uniao-e-transformacao-atraves-da-conexao-coletiva","status":"publish","type":"post","link":"https:\/\/egregoradamusicaeletronica.com\/index.php\/2024\/03\/26\/a-egregora-da-musica-eletronica-a-uniao-e-transformacao-atraves-da-conexao-coletiva\/","title":{"rendered":"A Egr\u00e9gora da M\u00fasica Eletr\u00f4nica: A Uni\u00e3o e Transforma\u00e7\u00e3o Atrav\u00e9s da Conex\u00e3o Coletiva"},"content":{"rendered":"<h2>A Egr\u00e9gora da M\u00fasica Eletr\u00f4nica<\/h2>\n<p>A egr\u00e9gora da m\u00fasica eletr\u00f4nica \u00e9 um conceito espiritual que se refere ao campo de energia coletiva e vibrante criado pela intera\u00e7\u00e3o entre os amantes, artistas, profissionais e entusiastas desse g\u00eanero musical. \u00c9 uma energia coletiva que se forma a partir da conex\u00e3o e da paix\u00e3o compartilhada por essa forma de express\u00e3o art\u00edstica t\u00e3o \u00fanica.<\/p>\n<h2>A Uni\u00e3o Atrav\u00e9s da M\u00fasica Eletr\u00f4nica<\/h2>\n<p>A m\u00fasica eletr\u00f4nica tem a capacidade \u00fanica de unir pessoas, transcendendo barreiras culturais, sociais e geogr\u00e1ficas. Ela cria uma atmosfera onde as pessoas se conectam em um n\u00edvel mais profundo, compartilhando emo\u00e7\u00f5es, experi\u00eancias e vibra\u00e7\u00f5es positivas. A egr\u00e9gora da m\u00fasica eletr\u00f4nica \u00e9 alimentada pelos sentimentos de alegria, \u00eaxtase, liberdade e conex\u00e3o que s\u00e3o experimentados durante festivais, shows e eventos relacionados ao g\u00eanero.<\/p>\n<h2>O Poder Transformador da Egr\u00e9gora<\/h2>\n<p>A egr\u00e9gora da m\u00fasica eletr\u00f4nica n\u00e3o se limita apenas ao ambiente dos eventos. Ela se estende para al\u00e9m dos palcos, alcan\u00e7ando as vidas das pessoas de maneiras profundas e significativas. A m\u00fasica eletr\u00f4nica proporciona um espa\u00e7o seguro e acolhedor, onde os indiv\u00edduos podem se expressar livremente e se conectar com sua ess\u00eancia mais aut\u00eantica.<\/p>\n<p>Essa energia coletiva tem o poder de transformar vidas, permitindo que as pessoas se libertem de suas preocupa\u00e7\u00f5es e se entreguem \u00e0 experi\u00eancia presente. Atrav\u00e9s da m\u00fasica eletr\u00f4nica, \u00e9 poss\u00edvel experimentar momentos de transcend\u00eancia, onde o tempo parece desaparecer e apenas a conex\u00e3o com o momento presente importa.<\/p>\n<p>A egr\u00e9gora da m\u00fasica eletr\u00f4nica tamb\u00e9m \u00e9 um espa\u00e7o de cura e renova\u00e7\u00e3o. Muitas pessoas encontram conforto e consolo na m\u00fasica eletr\u00f4nica, encontrando uma sensa\u00e7\u00e3o de pertencimento e comunidade. Os eventos e festivais de m\u00fasica eletr\u00f4nica se tornam verdadeiros ref\u00fagios, onde os participantes podem se reconectar consigo mesmos e com os outros, deixando para tr\u00e1s as preocupa\u00e7\u00f5es do mundo exterior.<\/p>\n<p>Al\u00e9m disso, a m\u00fasica eletr\u00f4nica tamb\u00e9m tem o poder de despertar a criatividade e a inspira\u00e7\u00e3o nas pessoas. Muitos artistas e produtores musicais encontram na egr\u00e9gora da m\u00fasica eletr\u00f4nica um ambiente f\u00e9rtil para a experimenta\u00e7\u00e3o e a inova\u00e7\u00e3o. Atrav\u00e9s dessa conex\u00e3o coletiva, novas ideias e sonoridades s\u00e3o criadas, impulsionando o desenvolvimento e a evolu\u00e7\u00e3o do g\u00eanero.<\/p>\n<p>Em resumo, a egr\u00e9gora da m\u00fasica eletr\u00f4nica \u00e9 um fen\u00f4meno espiritual e energ\u00e9tico que se manifesta atrav\u00e9s da conex\u00e3o e da paix\u00e3o compartilhada por esse g\u00eanero musical. Ela une pessoas, transcende barreiras e proporciona momentos de alegria, liberdade e conex\u00e3o. Seja nos eventos ou no dia a dia, a m\u00fasica eletr\u00f4nica tem o poder de transformar vidas e despertar a criatividade e a inspira\u00e7\u00e3o nas pessoas.<\/p>\n","protected":false},"excerpt":{"rendered":"<p>A Egr\u00e9gora da M\u00fasica Eletr\u00f4nica A egr\u00e9gora da m\u00fasica eletr\u00f4nica \u00e9 um conceito espiritual que se refere ao campo de energia coletiva e vibrante criado pela intera\u00e7\u00e3o entre os amantes, artistas, profissionais e entusiastas desse g\u00eanero musical. \u00c9 uma energia coletiva que se forma a partir da conex\u00e3o e da paix\u00e3o compartilhada por essa forma [&hellip;]<\/p>\n","protected":false},"author":1,"featured_media":0,"comment_status":"open","ping_status":"open","sticky":false,"template":"","format":"standard","meta":{"_monsterinsights_skip_tracking":false,"_monsterinsights_sitenote_active":false,"_monsterinsights_sitenote_note":"","_monsterinsights_sitenote_category":0,"footnotes":""},"categories":[1],"tags":[],"class_list":["post-8","post","type-post","status-publish","format-standard","hentry","category-blog"],"aioseo_notices":[],"_links":{"self":[{"href":"https:\/\/egregoradamusicaeletronica.com\/index.php\/wp-json\/wp\/v2\/posts\/8"}],"collection":[{"href":"https:\/\/egregoradamusicaeletronica.com\/index.php\/wp-json\/wp\/v2\/posts"}],"about":[{"href":"https:\/\/egregoradamusicaeletronica.com\/index.php\/wp-json\/wp\/v2\/types\/post"}],"author":[{"embeddable":true,"href":"https:\/\/egregoradamusicaeletronica.com\/index.php\/wp-json\/wp\/v2\/users\/1"}],"replies":[{"embeddable":true,"href":"https:\/\/egregoradamusicaeletronica.com\/index.php\/wp-json\/wp\/v2\/comments?post=8"}],"version-history":[{"count":0,"href":"https:\/\/egregoradamusicaeletronica.com\/index.php\/wp-json\/wp\/v2\/posts\/8\/revisions"}],"wp:attachment":[{"href":"https:\/\/egregoradamusicaeletronica.com\/index.php\/wp-json\/wp\/v2\/media?parent=8"}],"wp:term":[{"taxonomy":"category","embeddable":true,"href":"https:\/\/egregoradamusicaeletronica.com\/index.php\/wp-json\/wp\/v2\/categories?post=8"},{"taxonomy":"post_tag","embeddable":true,"href":"https:\/\/egregoradamusicaeletronica.com\/index.php\/wp-json\/wp\/v2\/tags?post=8"}],"curies":[{"name":"wp","href":"https:\/\/api.w.org\/{rel}","templated":true}]}}